{"id":4799,"date":"2021-05-03T11:11:37","date_gmt":"2021-05-03T11:11:37","guid":{"rendered":"https:\/\/venice-box.com\/?p=4799"},"modified":"2021-05-17T10:23:28","modified_gmt":"2021-05-17T10:23:28","slug":"the-opening-ceremony-of-the-alpine-world-ski-championships","status":"publish","type":"post","link":"https:\/\/venice-box.com\/en\/the-opening-ceremony-of-the-alpine-world-ski-championships\/","title":{"rendered":"The Opening Ceremony of the Alpine World Ski Championships"},"content":{"rendered":"<p>[et_pb_section fb_built=&#8221;1&#8243; admin_label=&#8221;section&#8221; _builder_version=&#8221;3.22.3&#8243;][et_pb_row admin_label=&#8221;row&#8221; _builder_version=&#8221;3.25&#8243; background_size=&#8221;initial&#8221; background_position=&#8221;top_left&#8221; background_repeat=&#8221;repeat&#8221;][et_pb_column type=&#8221;4_4&#8243; _builder_version=&#8221;3.25&#8243; custom_padding=&#8221;|||&#8221; custom_padding__hover=&#8221;|||&#8221;][et_pb_text admin_label=&#8221;Text&#8221; _builder_version=&#8221;4.9.2&#8243; background_size=&#8221;initial&#8221; background_position=&#8221;top_left&#8221; background_repeat=&#8221;repeat&#8221; hover_enabled=&#8221;0&#8243; sticky_enabled=&#8221;0&#8243;]<\/p>\n<h2 class=\"p1\"><span class=\"s1\"><b>The Opening Ceremony of the Alpine World Ski Championships<\/b><\/span><\/h2>\n<p class=\"p3\"><span class=\"s1\">The 46th edition of the Alpine World Ski Championships kicks off on Sunday 7 February 2021 from 18.00. Don&#8217;t make any other plans! Eyes will be focused 1224 metres above sea level for the opening ceremony of the Alpine World Ski Championships held in the splendid surroundings of Cortina d&#8217;Ampezzo.<\/span><\/p>\n<p class=\"p1\"><span class=\"s1\">The event aims to take viewers on an imaginative 75-minute journey through the unparalleled beauty of Italy, the Veneto region and the Dolomites, a UNESCO World Heritage Site since 2009. Are you ready to get swept up in the show?<\/span><\/p>\n<h3 class=\"p1\"><span class=\"s1\">The heart of the opening ceremony<\/span><\/h3>\n<p class=\"p1\"><strong><span class=\"s1\">The show will retrace the history of world skiing, <\/span><\/strong><span class=\"s1\"><strong>highlighting Cortina&#8217;s role as the home of winter sports.<\/strong> After all, let&#8217;s not forget that the &#8220;Queen of the Dolomites&#8221; was the first Italian town to host an Olympic event in the winter of 1956. However, not only will we be remembering past, we will also be focusing on the present and looking to the future through the values of sport and culture. Indeed, <strong>during the opening ceremony of the Alpine World Ski Championships, the protagonists will not only be the nature of the mountains with their breathtaking landscapes, but also human creativity<\/strong>,<b> <\/b>which over the centuries has created extraordinary works. And so, <\/span><span class=\"s1\">in addition to the national landscape and cultural heritage, the event will tell us about two other UNESCO World Heritage Sites located in the Veneto region: the cities of Verona (UNESCO World Heritage since 2000) and Venice (UNESCO World Heritage since 1987).<\/span><\/p>\n<h3 class=\"p1\"><span class=\"s1\">Venice carnival goes up to an altitude of 1224 metres<\/span><\/h3>\n<p class=\"p3\"><span class=\"s1\">From the magical atmosphere of Venice, <strong>its famous Carnival will move to the enchanted atmosphere of the snowy landscapes of the Dolomites. The scenery created for the opening ceremony of the Alpine World Ski Championships will therefore see the meeting of Venice and Cortina. The two cities will be represented by actress Beatrice Schiaffino<\/strong>, wearing a sculpture-dress with<b> <\/b>colours reminiscent of the Venetian lagoon and its reflections (a creation previously worn at the last Venice International Film Festival), <strong>and Olympic downhill skiing champion Tina Maze<\/strong>, who will also wear a sculpture-dress created for the occasion by the Venetian Atelier Antonia Sautter. The sartorial work is created to pay homage to the &#8220;Queen of the Dolomites&#8221; through different materials and colours to recall the landscape of Cortina in all seasons. The addition of marabou stripes along the entire length of the dress will also remind spectators of the snow-capped slopes where the athletes will compete over the following days. <\/span><\/p>\n<h3 class=\"p1\"><span class=\"s1\">A tribute also to the history of Venice<\/span><\/h3>\n<p class=\"p3\"><span class=\"s1\">Although the designer&#8217;s splendid creations will not be worn at the annual Ballo del Doge (the event she created in 1994 and described by Vanity Fair as &#8220;the most sumptuous, refined and exclusive masked ball in the world&#8221;), which has been cancelled due to the public health emergency, they will be shown in all their splendour during the story created for the opening ceremony of the Alpine World Ski Championships. <strong>The historical-allegorical parade is intended as a moment to celebrate not only Cortina, but also the 1600 candles that Venice will blow out on 25 March<\/strong>. The<b> <\/b>event will therefore also see famous Venetian figures from the golden age of La Serenissima, such as the explorer and merchant Marco Polo and the Queen of Cyprus Caterina Corner, come to life.<\/span><\/p>\n<h3 class=\"p1\"><span class=\"s1\">How to follow the event<\/span><\/h3>\n<p class=\"p1\"><span class=\"s1\">The stage is set for a wonderful show that will continue on the ski slopes over the next two weeks from 8 to 16 February with incredible performances by the athletes competing for the world titles.<\/span><\/p>\n<p class=\"p1\"><span class=\"s1\">If you don&#8217;t want to miss all the races, <a href=\"https:\/\/cortina2021.sportxp.net\/\" target=\"_blank\" rel=\"noopener\">download the official Cortina 2021 app<\/a> <a href=\"https:\/\/cortina2021.sportxp.net\/\">and follow the Alpine World Ski Championships.<\/a><\/span><\/p>\n<p class=\"p1\"><strong><span class=\"s1\">If you want to carry on your journey through Venice and its surroundings <a href=\"https:\/\/venice-box.com\/en\/\">CONTINUE READING OUR BLOG<\/a>.<\/span><\/strong><\/p>\n<p>[\/et_pb_text][\/et_pb_column][\/et_pb_row][\/et_pb_section]<\/p>\n","protected":false},"excerpt":{"rendered":"<p>The 46th edition of the Alpine World Ski Championships kicks off on Sunday 7 February 2021 from 18.00. <\/p>\n","protected":false},"author":6,"featured_media":5051,"comment_status":"open","ping_status":"closed","sticky":false,"template":"","format":"standard","meta":{"_et_pb_use_builder":"on","_et_pb_old_content":"<h3>Perch\u00e9 il 25 aprile a Venezia si regala il bocolo? Questa data per Venezia rappresenta un\u2019occasione speciale, \u00e8 infatti la data in cui viene celebrato il santo patrono, San Marco. I veneziani in questa giornata regalano rose rosse, il cosiddetto Bocolo, dietro questo gesto si nasconde un\u2019antica tradizione. Scopri tutta la storia nel nostro articolo.<\/h3>\r\nForse non sai che a Venezia si celebrano delle festivit\u00e0 molto suggestive come quella di\u00a0<strong>San Marco<\/strong>.\u00a0<strong>Durante questa ricorrenza<\/strong>, infatti,\u00a0<strong>avrai modo di scoprire il fascino di questa citt\u00e0<\/strong>\u00a0in un\u2019atmosfera ricca di suggestioni che si ripete da secoli e nella quale sono miscelate alla perfezione religione, mito e romanticismo. In questo articolo ti vogliamo raccontare\u00a0<strong>le principali caratteristiche della festa di San Marco<\/strong>\u00a0e\u00a0<strong>della leggenda del Bocolo<\/strong>.\r\n<h3>Perch\u00e9 il 25 aprile a Venezia si regala il bocolo? la leggenda pi\u00f9 antica<\/h3>\r\nLa leggenda del Bocolo (o del Boccolo) vanta una tradizione antichissima in quanto risale alla fine del\u00a0<strong>IX secolo<\/strong>, precisamente agli anni compresi tra l\u2019<strong>864<\/strong>\u00a0e l\u2019<strong>881<\/strong>\u00a0quando assunse la carica di\u00a0<strong>Doge di Venezia Orso I Partecipazio<\/strong>.\r\n\r\n<strong>La figlia di questi, Maria (conosciuta anche con il nome di Vulcana in virt\u00f9 del particolare splendore dei suoi occhi) si innamor\u00f2 ricambiata di Tancredi<\/strong>, un giovane dalle umili origini che non poteva ambire a sposarla n\u00e9 a ricevere la benedizione da parte del Doge. Per cui decise di partire per la guerra, in modo da ottenere gloria e onori e una volta ritornato a Venezia poter sposare la sua amata.\r\n\r\nDurante le battaglie Tancredi si distinse per il suo coraggio e valore e le sue gesta arrivarono ben presto a Venezia, con Vulcana che aspettava ansiosa il suo ritorno. Purtroppo un giorno, durante una battaglia con i Mori di Spagna fu ferito a morte e, cadendo su un roseto il suo sangue tinse di rosso un bocciolo di rosa, che prima di morire consegn\u00f2 al suo amico Orlando, chiedendogli di consegnarlo alla sua Vulcana come pegno d\u2019amore.\r\n\r\n<strong>Il giorno successivo alla consegna di questo bocciolo, precisamente il 25 aprile, Maria fu trovata morta nel suo letto, con il bocciolo intriso del sangue del suo amato sul petto; da allora il bocciolo divenne per i veneziani il simbolo di un amore imperituro.<\/strong>\r\n<h3>Perch\u00e9 il 25 aprile a Venezia si regala il bocolo? una storia pi\u00f9 moderna<\/h3>\r\nI veneziani, per\u00f2, hanno anche\u00a0<strong>una versione diversa della leggenda del Bocolo<\/strong>. La<strong>\u00a0leggenda narra di due giovani innamorati che appartenevano per\u00f2 a due rami nemici della stessa famiglia<\/strong>.\r\n\r\nQueste avevano\u00a0<strong>in comune degli orti che erano divisi da un roseto sul quale per\u00f2 da molto tempo non fiorivano pi\u00f9 rose<\/strong>\u00a0e che cominciarono a fiorire nuovamente non appena i due ragazzi si innamorarono.\r\n\r\n<strong>Il roseto proveniva dal luogo dove furono sepolte le spoglie di San Marco Evangelista<\/strong>\u00a0e il giovane stacc\u00f2 un bocciolo che consegn\u00f2 alla sua innamorata e che rappresent\u00f2 anche la fine delle ostilit\u00e0 tra le due famiglie.\r\n\r\nVuoi conoscere altre curiosit\u00e0 e cose da vedere in questa citt\u00e0?\r\n<h3><a href=\"https:\/\/www.venice-box.com\/cosa-vedere-a-venezia-in-un-giorno\/\">Prosegui il viaggio alla scoperta di Venezia<\/a><\/h3>\r\nSe sei curioso di ascoltare altre storie e leggende su Venezia\u00a0 ti consigliamo<a href=\"https:\/\/www.getyourguide.com\/venice-l35\/venice-mysteries-legends-walking-tour-t59163\/?partner_id=XZE81Q5&cmp=blog\">\u00a0questo tour, potrai ascoltare leggende e storie di fantasmi passeggiando tra le calli pi\u00f9 nascoste dei sestieri di Castello e Cannareggio<\/a>","_et_gb_content_width":"","footnotes":""},"categories":[27],"tags":[],"yoast_head":"<!-- This site is optimized with the Yoast SEO plugin v22.4 - https:\/\/yoast.com\/wordpress\/plugins\/seo\/ -->\n<title>The Alpine World Ski Championships Cortina 2021 | Opening Ceremony<\/title>\n<meta name=\"description\" content=\"The 46th edition of the Alpine World Ski Championships kicks off on Sunday 7 February 2021 from 18.00. Don&#039;t make any other plans!\" \/>\n<meta name=\"robots\" content=\"index, follow, max-snippet:-1, max-image-preview:large, max-video-preview:-1\" \/>\n<link rel=\"canonical\" href=\"https:\/\/venice-box.com\/en\/the-opening-ceremony-of-the-alpine-world-ski-championships\/\" \/>\n<meta property=\"og:locale\" content=\"en_US\" \/>\n<meta property=\"og:type\" content=\"article\" \/>\n<meta property=\"og:title\" content=\"The Alpine World Ski Championships Cortina 2021 | Opening Ceremony\" \/>\n<meta property=\"og:description\" content=\"The 46th edition of the Alpine World Ski Championships kicks off on Sunday 7 February 2021 from 18.00. Don&#039;t make any other plans!\" \/>\n<meta property=\"og:url\" content=\"https:\/\/venice-box.com\/en\/the-opening-ceremony-of-the-alpine-world-ski-championships\/\" \/>\n<meta property=\"og:site_name\" content=\"Venice Box\" \/>\n<meta property=\"article:published_time\" content=\"2021-05-03T11:11:37+00:00\" \/>\n<meta property=\"article:modified_time\" content=\"2021-05-17T10:23:28+00:00\" \/>\n<meta property=\"og:image\" content=\"https:\/\/venice-box.com\/wp-content\/uploads\/2021\/05\/Venice-box_eventi-2.jpeg\" \/>\n\t<meta property=\"og:image:width\" content=\"1200\" \/>\n\t<meta property=\"og:image:height\" content=\"600\" \/>\n\t<meta property=\"og:image:type\" content=\"image\/jpeg\" \/>\n<meta name=\"author\" content=\"amarilli\" \/>\n<meta name=\"twitter:card\" content=\"summary_large_image\" \/>\n<meta name=\"twitter:label1\" content=\"Written by\" \/>\n\t<meta name=\"twitter:data1\" content=\"amarilli\" \/>\n\t<meta name=\"twitter:label2\" content=\"Est. reading time\" \/>\n\t<meta name=\"twitter:data2\" content=\"3 minutes\" \/>\n<script type=\"application\/ld+json\" class=\"yoast-schema-graph\">{\"@context\":\"https:\/\/schema.org\",\"@graph\":[{\"@type\":\"Article\",\"@id\":\"https:\/\/venice-box.com\/en\/the-opening-ceremony-of-the-alpine-world-ski-championships\/#article\",\"isPartOf\":{\"@id\":\"https:\/\/venice-box.com\/en\/the-opening-ceremony-of-the-alpine-world-ski-championships\/\"},\"author\":{\"name\":\"amarilli\",\"@id\":\"https:\/\/venice-box.com\/#\/schema\/person\/b181e92a210ce0db3c32fb3825bb0d43\"},\"headline\":\"The Opening Ceremony of the Alpine World Ski Championships\",\"datePublished\":\"2021-05-03T11:11:37+00:00\",\"dateModified\":\"2021-05-17T10:23:28+00:00\",\"mainEntityOfPage\":{\"@id\":\"https:\/\/venice-box.com\/en\/the-opening-ceremony-of-the-alpine-world-ski-championships\/\"},\"wordCount\":712,\"commentCount\":0,\"publisher\":{\"@id\":\"https:\/\/venice-box.com\/#organization\"},\"image\":{\"@id\":\"https:\/\/venice-box.com\/en\/the-opening-ceremony-of-the-alpine-world-ski-championships\/#primaryimage\"},\"thumbnailUrl\":\"https:\/\/venice-box.com\/wp-content\/uploads\/2021\/05\/Venice-box_eventi-2.jpeg\",\"articleSection\":[\"Events and Shows\"],\"inLanguage\":\"en-US\",\"potentialAction\":[{\"@type\":\"CommentAction\",\"name\":\"Comment\",\"target\":[\"https:\/\/venice-box.com\/en\/the-opening-ceremony-of-the-alpine-world-ski-championships\/#respond\"]}]},{\"@type\":\"WebPage\",\"@id\":\"https:\/\/venice-box.com\/en\/the-opening-ceremony-of-the-alpine-world-ski-championships\/\",\"url\":\"https:\/\/venice-box.com\/en\/the-opening-ceremony-of-the-alpine-world-ski-championships\/\",\"name\":\"The Alpine World Ski Championships Cortina 2021 | Opening Ceremony\",\"isPartOf\":{\"@id\":\"https:\/\/venice-box.com\/#website\"},\"primaryImageOfPage\":{\"@id\":\"https:\/\/venice-box.com\/en\/the-opening-ceremony-of-the-alpine-world-ski-championships\/#primaryimage\"},\"image\":{\"@id\":\"https:\/\/venice-box.com\/en\/the-opening-ceremony-of-the-alpine-world-ski-championships\/#primaryimage\"},\"thumbnailUrl\":\"https:\/\/venice-box.com\/wp-content\/uploads\/2021\/05\/Venice-box_eventi-2.jpeg\",\"datePublished\":\"2021-05-03T11:11:37+00:00\",\"dateModified\":\"2021-05-17T10:23:28+00:00\",\"description\":\"The 46th edition of the Alpine World Ski Championships kicks off on Sunday 7 February 2021 from 18.00. Don't make any other plans!\",\"breadcrumb\":{\"@id\":\"https:\/\/venice-box.com\/en\/the-opening-ceremony-of-the-alpine-world-ski-championships\/#breadcrumb\"},\"inLanguage\":\"en-US\",\"potentialAction\":[{\"@type\":\"ReadAction\",\"target\":[\"https:\/\/venice-box.com\/en\/the-opening-ceremony-of-the-alpine-world-ski-championships\/\"]}]},{\"@type\":\"ImageObject\",\"inLanguage\":\"en-US\",\"@id\":\"https:\/\/venice-box.com\/en\/the-opening-ceremony-of-the-alpine-world-ski-championships\/#primaryimage\",\"url\":\"https:\/\/venice-box.com\/wp-content\/uploads\/2021\/05\/Venice-box_eventi-2.jpeg\",\"contentUrl\":\"https:\/\/venice-box.com\/wp-content\/uploads\/2021\/05\/Venice-box_eventi-2.jpeg\",\"width\":1200,\"height\":600,\"caption\":\"The Opening Ceremony of the Alpine World Ski Championships\"},{\"@type\":\"BreadcrumbList\",\"@id\":\"https:\/\/venice-box.com\/en\/the-opening-ceremony-of-the-alpine-world-ski-championships\/#breadcrumb\",\"itemListElement\":[{\"@type\":\"ListItem\",\"position\":1,\"name\":\"Home\",\"item\":\"https:\/\/venice-box.com\/\"},{\"@type\":\"ListItem\",\"position\":2,\"name\":\"The Opening Ceremony of the Alpine World Ski Championships\"}]},{\"@type\":\"WebSite\",\"@id\":\"https:\/\/venice-box.com\/#website\",\"url\":\"https:\/\/venice-box.com\/\",\"name\":\"Venice Box\",\"description\":\"Il contenitore informativo di Venezia\",\"publisher\":{\"@id\":\"https:\/\/venice-box.com\/#organization\"},\"potentialAction\":[{\"@type\":\"SearchAction\",\"target\":{\"@type\":\"EntryPoint\",\"urlTemplate\":\"https:\/\/venice-box.com\/?s={search_term_string}\"},\"query-input\":\"required name=search_term_string\"}],\"inLanguage\":\"en-US\"},{\"@type\":\"Organization\",\"@id\":\"https:\/\/venice-box.com\/#organization\",\"name\":\"Venice-Box\",\"url\":\"https:\/\/venice-box.com\/\",\"logo\":{\"@type\":\"ImageObject\",\"inLanguage\":\"en-US\",\"@id\":\"https:\/\/venice-box.com\/#\/schema\/logo\/image\/\",\"url\":\"https:\/\/venice-box.com\/wp-content\/uploads\/2021\/02\/Venice-box_2019.png\",\"contentUrl\":\"https:\/\/venice-box.com\/wp-content\/uploads\/2021\/02\/Venice-box_2019.png\",\"width\":1115,\"height\":643,\"caption\":\"Venice-Box\"},\"image\":{\"@id\":\"https:\/\/venice-box.com\/#\/schema\/logo\/image\/\"}},{\"@type\":\"Person\",\"@id\":\"https:\/\/venice-box.com\/#\/schema\/person\/b181e92a210ce0db3c32fb3825bb0d43\",\"name\":\"amarilli\",\"image\":{\"@type\":\"ImageObject\",\"inLanguage\":\"en-US\",\"@id\":\"https:\/\/venice-box.com\/#\/schema\/person\/image\/\",\"url\":\"https:\/\/secure.gravatar.com\/avatar\/9f17d9e553a37d81d4bc07a3320f10d4?s=96&d=mm&r=g\",\"contentUrl\":\"https:\/\/secure.gravatar.com\/avatar\/9f17d9e553a37d81d4bc07a3320f10d4?s=96&d=mm&r=g\",\"caption\":\"amarilli\"},\"url\":\"https:\/\/venice-box.com\/en\/author\/amarilli\/\"}]}<\/script>\n<!-- \/ Yoast SEO plugin. -->","yoast_head_json":{"title":"The Alpine World Ski Championships Cortina 2021 | Opening Ceremony","description":"The 46th edition of the Alpine World Ski Championships kicks off on Sunday 7 February 2021 from 18.00. Don't make any other plans!","robots":{"index":"index","follow":"follow","max-snippet":"max-snippet:-1","max-image-preview":"max-image-preview:large","max-video-preview":"max-video-preview:-1"},"canonical":"https:\/\/venice-box.com\/en\/the-opening-ceremony-of-the-alpine-world-ski-championships\/","og_locale":"en_US","og_type":"article","og_title":"The Alpine World Ski Championships Cortina 2021 | Opening Ceremony","og_description":"The 46th edition of the Alpine World Ski Championships kicks off on Sunday 7 February 2021 from 18.00. Don't make any other plans!","og_url":"https:\/\/venice-box.com\/en\/the-opening-ceremony-of-the-alpine-world-ski-championships\/","og_site_name":"Venice Box","article_published_time":"2021-05-03T11:11:37+00:00","article_modified_time":"2021-05-17T10:23:28+00:00","og_image":[{"width":1200,"height":600,"url":"https:\/\/venice-box.com\/wp-content\/uploads\/2021\/05\/Venice-box_eventi-2.jpeg","type":"image\/jpeg"}],"author":"amarilli","twitter_card":"summary_large_image","twitter_misc":{"Written by":"amarilli","Est. reading time":"3 minutes"},"schema":{"@context":"https:\/\/schema.org","@graph":[{"@type":"Article","@id":"https:\/\/venice-box.com\/en\/the-opening-ceremony-of-the-alpine-world-ski-championships\/#article","isPartOf":{"@id":"https:\/\/venice-box.com\/en\/the-opening-ceremony-of-the-alpine-world-ski-championships\/"},"author":{"name":"amarilli","@id":"https:\/\/venice-box.com\/#\/schema\/person\/b181e92a210ce0db3c32fb3825bb0d43"},"headline":"The Opening Ceremony of the Alpine World Ski Championships","datePublished":"2021-05-03T11:11:37+00:00","dateModified":"2021-05-17T10:23:28+00:00","mainEntityOfPage":{"@id":"https:\/\/venice-box.com\/en\/the-opening-ceremony-of-the-alpine-world-ski-championships\/"},"wordCount":712,"commentCount":0,"publisher":{"@id":"https:\/\/venice-box.com\/#organization"},"image":{"@id":"https:\/\/venice-box.com\/en\/the-opening-ceremony-of-the-alpine-world-ski-championships\/#primaryimage"},"thumbnailUrl":"https:\/\/venice-box.com\/wp-content\/uploads\/2021\/05\/Venice-box_eventi-2.jpeg","articleSection":["Events and Shows"],"inLanguage":"en-US","potentialAction":[{"@type":"CommentAction","name":"Comment","target":["https:\/\/venice-box.com\/en\/the-opening-ceremony-of-the-alpine-world-ski-championships\/#respond"]}]},{"@type":"WebPage","@id":"https:\/\/venice-box.com\/en\/the-opening-ceremony-of-the-alpine-world-ski-championships\/","url":"https:\/\/venice-box.com\/en\/the-opening-ceremony-of-the-alpine-world-ski-championships\/","name":"The Alpine World Ski Championships Cortina 2021 | Opening Ceremony","isPartOf":{"@id":"https:\/\/venice-box.com\/#website"},"primaryImageOfPage":{"@id":"https:\/\/venice-box.com\/en\/the-opening-ceremony-of-the-alpine-world-ski-championships\/#primaryimage"},"image":{"@id":"https:\/\/venice-box.com\/en\/the-opening-ceremony-of-the-alpine-world-ski-championships\/#primaryimage"},"thumbnailUrl":"https:\/\/venice-box.com\/wp-content\/uploads\/2021\/05\/Venice-box_eventi-2.jpeg","datePublished":"2021-05-03T11:11:37+00:00","dateModified":"2021-05-17T10:23:28+00:00","description":"The 46th edition of the Alpine World Ski Championships kicks off on Sunday 7 February 2021 from 18.00. Don't make any other plans!","breadcrumb":{"@id":"https:\/\/venice-box.com\/en\/the-opening-ceremony-of-the-alpine-world-ski-championships\/#breadcrumb"},"inLanguage":"en-US","potentialAction":[{"@type":"ReadAction","target":["https:\/\/venice-box.com\/en\/the-opening-ceremony-of-the-alpine-world-ski-championships\/"]}]},{"@type":"ImageObject","inLanguage":"en-US","@id":"https:\/\/venice-box.com\/en\/the-opening-ceremony-of-the-alpine-world-ski-championships\/#primaryimage","url":"https:\/\/venice-box.com\/wp-content\/uploads\/2021\/05\/Venice-box_eventi-2.jpeg","contentUrl":"https:\/\/venice-box.com\/wp-content\/uploads\/2021\/05\/Venice-box_eventi-2.jpeg","width":1200,"height":600,"caption":"The Opening Ceremony of the Alpine World Ski Championships"},{"@type":"BreadcrumbList","@id":"https:\/\/venice-box.com\/en\/the-opening-ceremony-of-the-alpine-world-ski-championships\/#breadcrumb","itemListElement":[{"@type":"ListItem","position":1,"name":"Home","item":"https:\/\/venice-box.com\/"},{"@type":"ListItem","position":2,"name":"The Opening Ceremony of the Alpine World Ski Championships"}]},{"@type":"WebSite","@id":"https:\/\/venice-box.com\/#website","url":"https:\/\/venice-box.com\/","name":"Venice Box","description":"Il contenitore informativo di Venezia","publisher":{"@id":"https:\/\/venice-box.com\/#organization"},"potentialAction":[{"@type":"SearchAction","target":{"@type":"EntryPoint","urlTemplate":"https:\/\/venice-box.com\/?s={search_term_string}"},"query-input":"required name=search_term_string"}],"inLanguage":"en-US"},{"@type":"Organization","@id":"https:\/\/venice-box.com\/#organization","name":"Venice-Box","url":"https:\/\/venice-box.com\/","logo":{"@type":"ImageObject","inLanguage":"en-US","@id":"https:\/\/venice-box.com\/#\/schema\/logo\/image\/","url":"https:\/\/venice-box.com\/wp-content\/uploads\/2021\/02\/Venice-box_2019.png","contentUrl":"https:\/\/venice-box.com\/wp-content\/uploads\/2021\/02\/Venice-box_2019.png","width":1115,"height":643,"caption":"Venice-Box"},"image":{"@id":"https:\/\/venice-box.com\/#\/schema\/logo\/image\/"}},{"@type":"Person","@id":"https:\/\/venice-box.com\/#\/schema\/person\/b181e92a210ce0db3c32fb3825bb0d43","name":"amarilli","image":{"@type":"ImageObject","inLanguage":"en-US","@id":"https:\/\/venice-box.com\/#\/schema\/person\/image\/","url":"https:\/\/secure.gravatar.com\/avatar\/9f17d9e553a37d81d4bc07a3320f10d4?s=96&d=mm&r=g","contentUrl":"https:\/\/secure.gravatar.com\/avatar\/9f17d9e553a37d81d4bc07a3320f10d4?s=96&d=mm&r=g","caption":"amarilli"},"url":"https:\/\/venice-box.com\/en\/author\/amarilli\/"}]}},"_links":{"self":[{"href":"https:\/\/venice-box.com\/en\/wp-json\/wp\/v2\/posts\/4799"}],"collection":[{"href":"https:\/\/venice-box.com\/en\/wp-json\/wp\/v2\/posts"}],"about":[{"href":"https:\/\/venice-box.com\/en\/wp-json\/wp\/v2\/types\/post"}],"author":[{"embeddable":true,"href":"https:\/\/venice-box.com\/en\/wp-json\/wp\/v2\/users\/6"}],"replies":[{"embeddable":true,"href":"https:\/\/venice-box.com\/en\/wp-json\/wp\/v2\/comments?post=4799"}],"version-history":[{"count":3,"href":"https:\/\/venice-box.com\/en\/wp-json\/wp\/v2\/posts\/4799\/revisions"}],"predecessor-version":[{"id":5054,"href":"https:\/\/venice-box.com\/en\/wp-json\/wp\/v2\/posts\/4799\/revisions\/5054"}],"wp:featuredmedia":[{"embeddable":true,"href":"https:\/\/venice-box.com\/en\/wp-json\/wp\/v2\/media\/5051"}],"wp:attachment":[{"href":"https:\/\/venice-box.com\/en\/wp-json\/wp\/v2\/media?parent=4799"}],"wp:term":[{"taxonomy":"category","embeddable":true,"href":"https:\/\/venice-box.com\/en\/wp-json\/wp\/v2\/categories?post=4799"},{"taxonomy":"post_tag","embeddable":true,"href":"https:\/\/venice-box.com\/en\/wp-json\/wp\/v2\/tags?post=4799"}],"curies":[{"name":"wp","href":"https:\/\/api.w.org\/{rel}","templated":true}]}}